{"id":12318,"date":"2024-11-02T20:08:38","date_gmt":"2024-11-02T19:08:38","guid":{"rendered":"http:\/\/www.rallye-entre2mers.com\/?p=12318"},"modified":"2024-11-12T12:17:14","modified_gmt":"2024-11-12T11:17:14","slug":"etape-4-santiago-de-compostela-porto","status":"publish","type":"post","link":"http:\/\/www.rallye-entre2mers.com\/en\/etape-4-santiago-de-compostela-porto\/","title":{"rendered":"ETAPE 4 \/ SANTIAGO DE COMPOSTELA &#8211; PORTO"},"content":{"rendered":"<h2>9\u00e8me Rallye Entre 2 Mers : Etape 4 \/ Santiago de Compostela > Porto<\/h2>\r\n<div class=\"su-spacer\" style=\"height:10px\"><\/div>\r\n<br>\r\n<br>\r\n<a href=\"http:\/\/www.rallye-entre2mers.com\/wp-content\/uploads\/2024\/11\/DSC8472.jpg\" rel=\"lightbox-0\"><img loading=\"lazy\" decoding=\"async\" src=\"http:\/\/www.rallye-entre2mers.com\/wp-content\/uploads\/2024\/11\/DSC8472.jpg\" alt=\"\" width=\"1889\" height=\"688\" class=\"aligncenter size-full wp-image-12284\" srcset=\"http:\/\/www.rallye-entre2mers.com\/wp-content\/uploads\/2024\/11\/DSC8472.jpg 1889w, http:\/\/www.rallye-entre2mers.com\/wp-content\/uploads\/2024\/11\/DSC8472-300x109.jpg 300w, http:\/\/www.rallye-entre2mers.com\/wp-content\/uploads\/2024\/11\/DSC8472-1024x373.jpg 1024w, http:\/\/www.rallye-entre2mers.com\/wp-content\/uploads\/2024\/11\/DSC8472-768x280.jpg 768w, http:\/\/www.rallye-entre2mers.com\/wp-content\/uploads\/2024\/11\/DSC8472-1536x559.jpg 1536w, http:\/\/www.rallye-entre2mers.com\/wp-content\/uploads\/2024\/11\/DSC8472-1887x688.jpg 1887w, http:\/\/www.rallye-entre2mers.com\/wp-content\/uploads\/2024\/11\/DSC8472-1600x583.jpg 1600w, http:\/\/www.rallye-entre2mers.com\/wp-content\/uploads\/2024\/11\/DSC8472-1200x438.jpg 1200w, http:\/\/www.rallye-entre2mers.com\/wp-content\/uploads\/2024\/11\/DSC8472-620x226.jpg 620w, http:\/\/www.rallye-entre2mers.com\/wp-content\/uploads\/2024\/11\/DSC8472-400x146.jpg 400w\" sizes=\"auto, (max-width: 1889px) 100vw, 1889px\" \/><\/a>\r\n\r\n<br>\r\n<br>\r\nPour cl\u00f4turer cette 9\u00e8me \u00e9dition, la derni\u00e8re \u00e9tape proposait un parcours reliant Santiago de Compostela \u00e0 Porto en passant par Braga, avec un itin\u00e9raire compos\u00e9 d\u2019une s\u00e9lection de route tant\u00f4t sinueuses, tant\u00f4t roulantes afin d\u2019atteindre la fronti\u00e8re Espagne &#8211; Portugal.\r\n\r\n<br>\r\n<br>\r\n<a href=\"http:\/\/www.rallye-entre2mers.com\/wp-content\/uploads\/2024\/11\/DSC8621.jpg\" rel=\"lightbox-1\"><img loading=\"lazy\" decoding=\"async\" src=\"http:\/\/www.rallye-entre2mers.com\/wp-content\/uploads\/2024\/11\/DSC8621.jpg\" alt=\"\" width=\"2000\" height=\"729\" class=\"aligncenter size-full wp-image-12289\" srcset=\"http:\/\/www.rallye-entre2mers.com\/wp-content\/uploads\/2024\/11\/DSC8621.jpg 2000w, http:\/\/www.rallye-entre2mers.com\/wp-content\/uploads\/2024\/11\/DSC8621-300x109.jpg 300w, http:\/\/www.rallye-entre2mers.com\/wp-content\/uploads\/2024\/11\/DSC8621-1024x373.jpg 1024w, http:\/\/www.rallye-entre2mers.com\/wp-content\/uploads\/2024\/11\/DSC8621-768x280.jpg 768w, http:\/\/www.rallye-entre2mers.com\/wp-content\/uploads\/2024\/11\/DSC8621-1536x560.jpg 1536w, http:\/\/www.rallye-entre2mers.com\/wp-content\/uploads\/2024\/11\/DSC8621-1920x700.jpg 1920w, http:\/\/www.rallye-entre2mers.com\/wp-content\/uploads\/2024\/11\/DSC8621-1600x583.jpg 1600w, http:\/\/www.rallye-entre2mers.com\/wp-content\/uploads\/2024\/11\/DSC8621-1200x438.jpg 1200w, http:\/\/www.rallye-entre2mers.com\/wp-content\/uploads\/2024\/11\/DSC8621-620x226.jpg 620w, http:\/\/www.rallye-entre2mers.com\/wp-content\/uploads\/2024\/11\/DSC8621-400x146.jpg 400w\" sizes=\"auto, (max-width: 2000px) 100vw, 2000px\" \/><\/a>\r\n<br>\r\n<br>\r\n\r\nUne fois arriv\u00e9s \u00e0 Braga pour le d\u00e9jeuner, stationn\u00e9s au coeur de la vieille ville, les participants ont profit\u00e9 du d\u00e9jeuner qui pr\u00e9c\u00e9dait la seconde \u00e9preuve sur circuit de ce Rallye Entre 2 Mers.\r\n\r\n<br>\r\n<br>\r\n<a href=\"http:\/\/www.rallye-entre2mers.com\/wp-content\/uploads\/2024\/11\/DSC8605.jpg\" rel=\"lightbox-2\"><img loading=\"lazy\" decoding=\"async\" src=\"http:\/\/www.rallye-entre2mers.com\/wp-content\/uploads\/2024\/11\/DSC8605.jpg\" alt=\"\" width=\"2000\" height=\"729\" class=\"aligncenter size-full wp-image-12288\" srcset=\"http:\/\/www.rallye-entre2mers.com\/wp-content\/uploads\/2024\/11\/DSC8605.jpg 2000w, http:\/\/www.rallye-entre2mers.com\/wp-content\/uploads\/2024\/11\/DSC8605-300x109.jpg 300w, http:\/\/www.rallye-entre2mers.com\/wp-content\/uploads\/2024\/11\/DSC8605-1024x373.jpg 1024w, http:\/\/www.rallye-entre2mers.com\/wp-content\/uploads\/2024\/11\/DSC8605-768x280.jpg 768w, http:\/\/www.rallye-entre2mers.com\/wp-content\/uploads\/2024\/11\/DSC8605-1536x560.jpg 1536w, http:\/\/www.rallye-entre2mers.com\/wp-content\/uploads\/2024\/11\/DSC8605-1920x700.jpg 1920w, http:\/\/www.rallye-entre2mers.com\/wp-content\/uploads\/2024\/11\/DSC8605-1600x583.jpg 1600w, http:\/\/www.rallye-entre2mers.com\/wp-content\/uploads\/2024\/11\/DSC8605-1200x438.jpg 1200w, http:\/\/www.rallye-entre2mers.com\/wp-content\/uploads\/2024\/11\/DSC8605-620x226.jpg 620w, http:\/\/www.rallye-entre2mers.com\/wp-content\/uploads\/2024\/11\/DSC8605-400x146.jpg 400w\" sizes=\"auto, (max-width: 2000px) 100vw, 2000px\" \/><\/a>\r\n<br>\r\n<br>\r\n\r\nC&#8217;est sous un grand ciel bleu et des temp\u00e9ratures proches de 28 degr\u00e9s qu&#8217;il fallait se rendre sur le Circuit Vasco Sameiro, connu pour son circuit de Karting ayant vu triompher les plus grands champions, mais proposant surtout un trac\u00e9 autour de l\u2019a\u00e9rodrome, entre virages serr\u00e9s, chicanes et longues lignes droites utilis\u00e9 il n\u2019y a pas si longtemps pour les manches du championnat du monde de voitures de tourisme.\r\n<br>\r\n<br>\r\n<a href=\"http:\/\/www.rallye-entre2mers.com\/wp-content\/uploads\/2024\/11\/DSC8872.jpg\" rel=\"lightbox-3\"><img loading=\"lazy\" decoding=\"async\" src=\"http:\/\/www.rallye-entre2mers.com\/wp-content\/uploads\/2024\/11\/DSC8872.jpg\" alt=\"\" width=\"2000\" height=\"729\" class=\"aligncenter size-full wp-image-12297\" srcset=\"http:\/\/www.rallye-entre2mers.com\/wp-content\/uploads\/2024\/11\/DSC8872.jpg 2000w, http:\/\/www.rallye-entre2mers.com\/wp-content\/uploads\/2024\/11\/DSC8872-300x109.jpg 300w, http:\/\/www.rallye-entre2mers.com\/wp-content\/uploads\/2024\/11\/DSC8872-1024x373.jpg 1024w, http:\/\/www.rallye-entre2mers.com\/wp-content\/uploads\/2024\/11\/DSC8872-768x280.jpg 768w, http:\/\/www.rallye-entre2mers.com\/wp-content\/uploads\/2024\/11\/DSC8872-1536x560.jpg 1536w, http:\/\/www.rallye-entre2mers.com\/wp-content\/uploads\/2024\/11\/DSC8872-1920x700.jpg 1920w, http:\/\/www.rallye-entre2mers.com\/wp-content\/uploads\/2024\/11\/DSC8872-1600x583.jpg 1600w, http:\/\/www.rallye-entre2mers.com\/wp-content\/uploads\/2024\/11\/DSC8872-1200x438.jpg 1200w, http:\/\/www.rallye-entre2mers.com\/wp-content\/uploads\/2024\/11\/DSC8872-620x226.jpg 620w, http:\/\/www.rallye-entre2mers.com\/wp-content\/uploads\/2024\/11\/DSC8872-400x146.jpg 400w\" sizes=\"auto, (max-width: 2000px) 100vw, 2000px\" \/><\/a>\r\n<br>\r\n<br>\r\n\r\nLa suite de l\u2019apr\u00e8s-midi menait \u00e0 Porto par un parcours assez court et rapide pour atteindre la vall\u00e9e du Douro et l\u2019h\u00f4tel The Yeatman, offrant toujours une vue incroyable sur Porto et ses caves. Nous y c\u00e9l\u00e9brons ce soir les grands vainqueurs et y s\u00e9journons au terme de ce rallye in\u00e9dit entre Espagne et Portugal, qui, nous n&#8217;en doutons pas, aura sur s\u00e9duire des \u00e9quipages avides de paysages somptueux et d&#8217;en d\u00e9coudre avec le chronom\u00e8tre sur circuits !\r\n\r\n<br>\r\n<br>\r\n<a href=\"http:\/\/www.rallye-entre2mers.com\/wp-content\/uploads\/2024\/11\/DSC8764.jpg\" rel=\"lightbox-4\"><img loading=\"lazy\" decoding=\"async\" src=\"http:\/\/www.rallye-entre2mers.com\/wp-content\/uploads\/2024\/11\/DSC8764.jpg\" alt=\"\" width=\"2000\" height=\"729\" class=\"aligncenter size-full wp-image-12292\" srcset=\"http:\/\/www.rallye-entre2mers.com\/wp-content\/uploads\/2024\/11\/DSC8764.jpg 2000w, http:\/\/www.rallye-entre2mers.com\/wp-content\/uploads\/2024\/11\/DSC8764-300x109.jpg 300w, http:\/\/www.rallye-entre2mers.com\/wp-content\/uploads\/2024\/11\/DSC8764-1024x373.jpg 1024w, http:\/\/www.rallye-entre2mers.com\/wp-content\/uploads\/2024\/11\/DSC8764-768x280.jpg 768w, http:\/\/www.rallye-entre2mers.com\/wp-content\/uploads\/2024\/11\/DSC8764-1536x560.jpg 1536w, http:\/\/www.rallye-entre2mers.com\/wp-content\/uploads\/2024\/11\/DSC8764-1920x700.jpg 1920w, http:\/\/www.rallye-entre2mers.com\/wp-content\/uploads\/2024\/11\/DSC8764-1600x583.jpg 1600w, http:\/\/www.rallye-entre2mers.com\/wp-content\/uploads\/2024\/11\/DSC8764-1200x438.jpg 1200w, http:\/\/www.rallye-entre2mers.com\/wp-content\/uploads\/2024\/11\/DSC8764-620x226.jpg 620w, http:\/\/www.rallye-entre2mers.com\/wp-content\/uploads\/2024\/11\/DSC8764-400x146.jpg 400w\" sizes=\"auto, (max-width: 2000px) 100vw, 2000px\" \/><\/a>\r\n<br>\r\n<br>","protected":false},"excerpt":{"rendered":"<p>9\u00e8me Rallye Entre 2 Mers : Etape 4 \/ Santiago de Compostela > Porto Pour cl\u00f4turer cette 9\u00e8me \u00e9dition, la derni\u00e8re \u00e9tape proposait un parcours reliant Santiago de Compostela \u00e0 Porto en passant par Braga, avec un itin\u00e9raire compos\u00e9 d\u2019une s\u00e9lection de route tant\u00f4t sinueuses, tant\u00f4t roulantes afin d\u2019atteindre la fronti\u00e8re Espagne &#8211; Portugal. Une [&hellip;]<\/p>\n","protected":false},"author":6,"featured_media":12320,"comment_status":"closed","ping_status":"closed","sticky":false,"template":"","format":"standard","meta":{"footnotes":""},"categories":[89,98,4],"tags":[],"class_list":{"0":"post-12318","1":"post","2":"type-post","3":"status-publish","4":"format-standard","5":"has-post-thumbnail","6":"hentry","7":"category-89","8":"category-9eme-edition","9":"category-actualites","11":"post-with-thumbnail","12":"post-with-thumbnail-large"},"translation":{"provider":"WPGlobus","version":"3.0.0","language":"en","enabled_languages":["fr","en"],"languages":{"fr":{"title":true,"content":true,"excerpt":false},"en":{"title":false,"content":false,"excerpt":false}}},"_links":{"self":[{"href":"http:\/\/www.rallye-entre2mers.com\/en\/wp-json\/wp\/v2\/posts\/12318","targetHints":{"allow":["GET"]}}],"collection":[{"href":"http:\/\/www.rallye-entre2mers.com\/en\/wp-json\/wp\/v2\/posts"}],"about":[{"href":"http:\/\/www.rallye-entre2mers.com\/en\/wp-json\/wp\/v2\/types\/post"}],"author":[{"embeddable":true,"href":"http:\/\/www.rallye-entre2mers.com\/en\/wp-json\/wp\/v2\/users\/6"}],"replies":[{"embeddable":true,"href":"http:\/\/www.rallye-entre2mers.com\/en\/wp-json\/wp\/v2\/comments?post=12318"}],"version-history":[{"count":1,"href":"http:\/\/www.rallye-entre2mers.com\/en\/wp-json\/wp\/v2\/posts\/12318\/revisions"}],"predecessor-version":[{"id":12319,"href":"http:\/\/www.rallye-entre2mers.com\/en\/wp-json\/wp\/v2\/posts\/12318\/revisions\/12319"}],"wp:featuredmedia":[{"embeddable":true,"href":"http:\/\/www.rallye-entre2mers.com\/en\/wp-json\/wp\/v2\/media\/12320"}],"wp:attachment":[{"href":"http:\/\/www.rallye-entre2mers.com\/en\/wp-json\/wp\/v2\/media?parent=12318"}],"wp:term":[{"taxonomy":"category","embeddable":true,"href":"http:\/\/www.rallye-entre2mers.com\/en\/wp-json\/wp\/v2\/categories?post=12318"},{"taxonomy":"post_tag","embeddable":true,"href":"http:\/\/www.rallye-entre2mers.com\/en\/wp-json\/wp\/v2\/tags?post=12318"}],"curies":[{"name":"wp","href":"https:\/\/api.w.org\/{rel}","templated":true}]}}